{"id":8188,"date":"2025-10-16T07:48:49","date_gmt":"2025-10-16T05:48:49","guid":{"rendered":"https:\/\/www.seldenmast.com\/?post_type=newspost&#038;p=8188"},"modified":"2025-10-16T07:49:24","modified_gmt":"2025-10-16T05:49:24","slug":"selden-sassocie-a-la-swe-sailing-team","status":"publish","type":"newspost","link":"https:\/\/www.seldenmast.com\/fr\/newspost\/selden-sassocie-a-la-swe-sailing-team\/","title":{"rendered":"Seld\u00e9n s\u2019associe \u00e0 la SWE Sailing Team"},"content":{"rendered":"<div class=\"selden-gb-block block-spacer block-bg-color-greydark\" style=\"height: 75px\">\n<div class=\"main-wrapper-full-width\"><\/div><!-- .main-wrapper-full-width -->\t\n<\/div><!-- .block-spacer -->\n\n\n\r\n\t\r\n<div class=\"selden-gb-block block-image-full-width\">\r\n<div class=\"main-wrapper-full-width\">\r\n\r\n\t<div class=\"hero-wrapper\">\t\t\r\n\t\t\r\n\t\t\r\n\t\t<div class=\"hero-img-wrapper resp-height-viewport img-bg-position-cc\" style=\"background-image:url('https:\/\/www.seldenmast.com\/wp-content\/uploads\/SELDEN-SSF-3-Redigera.jpg');\"><\/div>\t\t\r\n\t<div class=\"image-full-width-btn-wrapper\">\r\n\t<div class=\"image-full-width-btn-wrapper-width\">\r\n\t<div class=\"image-full-width-btn-wrapper-valign\">\r\n\t\t<\/div><!-- .image-full-width-btn-wrapper-valign -->\r\n\t<\/div><!-- .image-full-width-btn-wrapper-width -->\r\n\t<\/div><!-- .image-full-width-btn-wrapper -->\r\n<\/div><!-- .hero-wrapper -->\t\r\n\r\n<\/div><!-- .main-wrapper-full-width -->\r\n<\/div><!-- .block-image-full-width --> \r\n\n\n\r\n<div id=\"\" class=\"selden-gb-block block-story block-bg-color-white\">\r\n<div class=\"main-wrapper-full-width\">\r\n<div class=\"main-wrapper\">\r\n\r\n<div class=\"section group flex-right\">\r\n\r\n\t<div class=\"col story-col story_col_2\">\t\t\t\r\n\t\t\t<div class=\"block-story-content\">\t\r\n\t\t\t\r\n\t\t\t\t\t\t\t\r\n\t\t\t\t\t\t<div class=\"story-img-img\"><img decoding=\"async\" src=\"https:\/\/www.seldenmast.com\/wp-content\/uploads\/SWE-bild.png\" alt=\"Seld\u00e9n s\u2019associe \u00e0 la SWE Sailing Team\" \/><\/div>\r\n\t\t\t\t\r\n\t\t\t\t\t\r\n\t\t<\/div><!-- .col-content -->\t\t\t\r\n\t<\/div><!-- .col -->\r\n\t\t\r\n\t<div class=\"col story-col story_col_4\">\t\r\n\t\t\r\n\t\t<div class=\"block-story-content\">\r\n\t\t<div class=\"block-story-content-wrapper\">\t\t\r\n\t\t\r\n\t\t<h2>Seld\u00e9n s\u2019associe \u00e0 la SWE Sailing Team<\/h2>\t\t<p class=\"preamble\"><br \/>\r\n<br \/>\r\n<\/p>\t\t<p>Seld\u00e9n et la F\u00e9d\u00e9ration Su\u00e9doise de Voile (Swedish Sailing Federation) ont sign\u00e9 un accord officialisant le soutien de Seld\u00e9n en tant que sponsor de la SWE Sailing Team, engag\u00e9e dans les classes olympiques.<\/p>\n<p>\u00ab Historiquement, nous avons toujours soutenu les navigateurs su\u00e9dois de l\u2019\u00e9quipe nationale, certains ont m\u00eame fait partie de nos \u00e9quipes au fil des ann\u00e9es. Il est donc naturel pour nous d\u2019officialiser ce partenariat et de contribuer \u00e0 leur r\u00e9ussite continue sur la sc\u00e8ne internationale \u00bb, explique Peter R\u00f6nnb\u00e4ck, PDG du Groupe Seld\u00e9n, avant d\u2019ajouter :<\/p>\n<p>\u00ab Nous saluons \u00e9galement les efforts de la F\u00e9d\u00e9ration Su\u00e9doise de Voile pour promouvoir la voile et le mode de vie qu\u2019elle incarne. \u00bb<\/p>\n<p>De son c\u00f4t\u00e9, Marie Bj\u00f6rling Duell, Directrice g\u00e9n\u00e9rale de la F\u00e9d\u00e9ration Su\u00e9doise de Voile, d\u00e9clare :<\/p>\n<p>\u00ab Nous sommes ravis de collaborer avec un fournisseur su\u00e9dois d\u2019accastillage haut de gamme, dont la qualit\u00e9 r\u00e9pond parfaitement aux exigences de nos athl\u00e8tes au sein de l\u2019\u00e9quipe nationale. \u00bb<\/p>\n<p>Le s\u00e9lectionneur de la SWE Sailing Team, Magnus Gr\u00e4vare, ajoute :<\/p>\n<p>\u00ab Ce partenariat avec Seld\u00e9n sera particuli\u00e8rement pr\u00e9cieux pour nous, notamment en mati\u00e8re d\u2019accastillage de pont et de gr\u00e9ements de d\u00e9riveurs. \u00bb<\/p>\n<p>Fond\u00e9e en Su\u00e8de, Seld\u00e9n est aujourd\u2019hui la marque leader mondiale dans la conception de m\u00e2ts et de syst\u00e8mes de gr\u00e9ement pour d\u00e9riveurs, quillards et yachts.<\/p>\n<p>Le groupe dispose de six sites de production en Europe et aux \u00c9tats-Unis, d\u2019un r\u00e9seau mondial de distributeurs, et d\u2019une large gamme de produits destin\u00e9s aussi bien aux r\u00e9gatiers qu\u2019aux plaisanciers.<\/p>\n<p>&nbsp;<\/p>\n<p>&nbsp;<\/p>\n<p><a href=\"https:\/\/support.seldenmast.com\/en\/press_releases\/agreement_with_swe_sailing_team.html\">PRESS RELEASE<\/a><\/p>\n\t\t\r\n\t\t\t\t\r\n\t\t<\/div><!-- .block-story-wrapper -->\r\n\t\t<\/div><!-- .block-story-content -->\r\n\t<\/div><!-- .col -->\r\n\r\n<\/div><!-- .section --> \r\n \r\n<\/div><!-- .main-wrapper -->\t\r\n<\/div><!-- .main-wrapper-full-width -->\t\r\n<\/div><!-- .block-story -->\r\n\t\r\n","protected":false},"featured_media":7823,"template":"","class_list":["post-8188","newspost","type-newspost","status-publish","has-post-thumbnail","hentry"],"acf":[],"_links":{"self":[{"href":"https:\/\/www.seldenmast.com\/fr\/wp-json\/wp\/v2\/newspost\/8188","targetHints":{"allow":["GET"]}}],"collection":[{"href":"https:\/\/www.seldenmast.com\/fr\/wp-json\/wp\/v2\/newspost"}],"about":[{"href":"https:\/\/www.seldenmast.com\/fr\/wp-json\/wp\/v2\/types\/newspost"}],"wp:featuredmedia":[{"embeddable":true,"href":"https:\/\/www.seldenmast.com\/fr\/wp-json\/wp\/v2\/media\/7823"}],"wp:attachment":[{"href":"https:\/\/www.seldenmast.com\/fr\/wp-json\/wp\/v2\/media?parent=8188"}],"curies":[{"name":"wp","href":"https:\/\/api.w.org\/{rel}","templated":true}]}}